
{"id":40830,"date":"2026-09-01T08:33:53","date_gmt":"2026-09-01T06:33:53","guid":{"rendered":"https:\/\/chouette-gobe.ch\/?p=40830"},"modified":"2026-09-01T14:18:11","modified_gmt":"2026-09-01T12:18:11","slug":"cours-pratique-de-taille-darbres-fruitiers-2","status":"publish","type":"post","link":"https:\/\/chouette-gobe.ch\/?p=40830","title":{"rendered":"Entretien du r\u00e9seau de nichoirs \u00e0 Tengmalm"},"content":{"rendered":"<p>[et_pb_section fb_built=\u00a0\u00bb1&Prime; _builder_version=\u00a0\u00bb4.27.5&Prime; _module_preset=\u00a0\u00bbdefault\u00a0\u00bb global_colors_info=\u00a0\u00bb{}\u00a0\u00bb][et_pb_row _builder_version=\u00a0\u00bb4.27.5&Prime; _module_preset=\u00a0\u00bbdefault\u00a0\u00bb global_colors_info=\u00a0\u00bb{}\u00a0\u00bb][et_pb_column type=\u00a0\u00bb4_4&Prime; _builder_version=\u00a0\u00bb4.27.5&Prime; _module_preset=\u00a0\u00bbdefault\u00a0\u00bb global_colors_info=\u00a0\u00bb{}\u00a0\u00bb][et_pb_text _builder_version=\u00a0\u00bb4.27.8&Prime; _module_preset=\u00a0\u00bbdefault\u00a0\u00bb global_colors_info=\u00a0\u00bb{}\u00a0\u00bb]<\/p>\n<p align=\"center\"><b>Entretien du r\u00e9seau de nichoirs \u00e0 Tengmalm<\/b><\/p>\n<p class=\"western\"><span lang=\"fr-FR\">Une fois n\u2019est pas coutume nous avons commenc\u00e9 l\u2019entretien des nichoirs \u00e0 Tengmalm le 31 juillet d\u00e9j\u00e0\u00a0! Et quelle bonne id\u00e9e de profiter de la canicule pour aller se balader dans les for\u00eats du Jura\u00a0!<\/span><span lang=\"fr-FR\">Il fallait enlever, d\u00e9placer, r\u00e9parer, vider plusieurs nichoirs entre les Cluds et la Combaz.<br \/><\/span><span lang=\"fr-FR\">Apr\u00e8s un rdv \u00e0 8h30 chez Pierre-Alain et Denise pour pr\u00e9parer la journ\u00e9e, c\u2019est le d\u00e9part avec 2 \u00e9quipes\u00a0! Car il faut les \u00e9chelles, les perches, la grue et beaucoup de bras pour porter tout \u00e7a\u00a0!<\/span><\/p>\n<p>[\/et_pb_text][\/et_pb_column][\/et_pb_row][et_pb_row column_structure=\u00a0\u00bb3_5,2_5&Prime; _builder_version=\u00a0\u00bb4.27.5&Prime; _module_preset=\u00a0\u00bbdefault\u00a0\u00bb global_colors_info=\u00a0\u00bb{}\u00a0\u00bb][et_pb_column type=\u00a0\u00bb3_5&Prime; _builder_version=\u00a0\u00bb4.27.5&Prime; _module_preset=\u00a0\u00bbdefault\u00a0\u00bb global_colors_info=\u00a0\u00bb{}\u00a0\u00bb][et_pb_text _builder_version=\u00a0\u00bb4.27.8&Prime; _module_preset=\u00a0\u00bbdefault\u00a0\u00bb global_colors_info=\u00a0\u00bb{}\u00a0\u00bb]<\/p>\n<p class=\"western\"><span lang=\"fr-FR\">Une fois le nichoir enlev\u00e9, il faut trouver un nouvel emplacement et c\u2019est toujours un moment fort sympathique car chacun a son id\u00e9e ! <br \/>Encore faut-il que l\u2019arbre plaise \u00e0 nos chefs\u00a0du jour: Ludovic et Pierre-Alain\u2026 sous l\u2019\u0153il avis\u00e9 de Daniel, Sabrina et Sandra\u00a0!<\/span><\/p>\n<p>[\/et_pb_text][\/et_pb_column][et_pb_column type=\u00a0\u00bb2_5&Prime; _builder_version=\u00a0\u00bb4.27.5&Prime; _module_preset=\u00a0\u00bbdefault\u00a0\u00bb global_colors_info=\u00a0\u00bb{}\u00a0\u00bb][et_pb_image src=\u00a0\u00bbhttps:\/\/chouette-gobe.ch\/wp-content\/uploads\/2026\/09\/Tengmalm-Photo1.jpg\u00a0\u00bb title_text=\u00a0\u00bbTengmalm-Photo1&Prime; _builder_version=\u00a0\u00bb4.27.8&Prime; _module_preset=\u00a0\u00bbdefault\u00a0\u00bb global_colors_info=\u00a0\u00bb{}\u00a0\u00bb][\/et_pb_image][\/et_pb_column][\/et_pb_row][et_pb_row column_structure=\u00a0\u00bb2_5,3_5&Prime; _builder_version=\u00a0\u00bb4.27.5&Prime; _module_preset=\u00a0\u00bbdefault\u00a0\u00bb global_colors_info=\u00a0\u00bb{}\u00a0\u00bb][et_pb_column type=\u00a0\u00bb2_5&Prime; _builder_version=\u00a0\u00bb4.27.5&Prime; _module_preset=\u00a0\u00bbdefault\u00a0\u00bb global_colors_info=\u00a0\u00bb{}\u00a0\u00bb][et_pb_image src=\u00a0\u00bbhttps:\/\/chouette-gobe.ch\/wp-content\/uploads\/2026\/09\/Tengmalm-Photo2.jpg\u00a0\u00bb title_text=\u00a0\u00bbTengmalm-Photo2&Prime; _builder_version=\u00a0\u00bb4.27.8&Prime; _module_preset=\u00a0\u00bbdefault\u00a0\u00bb global_colors_info=\u00a0\u00bb{}\u00a0\u00bb][\/et_pb_image][\/et_pb_column][et_pb_column type=\u00a0\u00bb3_5&Prime; _builder_version=\u00a0\u00bb4.27.5&Prime; _module_preset=\u00a0\u00bbdefault\u00a0\u00bb global_colors_info=\u00a0\u00bb{}\u00a0\u00bb][et_pb_text _builder_version=\u00a0\u00bb4.27.8&Prime; _module_preset=\u00a0\u00bbdefault\u00a0\u00bb global_colors_info=\u00a0\u00bb{}\u00a0\u00bb]<\/p>\n<p class=\"western\"><span lang=\"fr-FR\">Puis vient la coupe de quelques branches tombantes afin d\u2019\u00e9viter que la martre ne saute au trou de vol\u00a0! <br \/>C\u2019est la partie la plus physique de l\u2019exercice\u00a0! <br \/>Heureusement nous pouvons nous relayer \u00e0 la t\u00e2che\u00a0et la perche avec la scie fonctionne \u00e0 merveille\u00a0! <br \/>Mais surtout nous avons avec nous de solides gaillards et gaillardes\u00a0! <\/span><\/p>\n<p>[\/et_pb_text][\/et_pb_column][\/et_pb_row][et_pb_row column_structure=\u00a0\u00bb3_5,2_5&Prime; _builder_version=\u00a0\u00bb4.27.5&Prime; _module_preset=\u00a0\u00bbdefault\u00a0\u00bb global_colors_info=\u00a0\u00bb{}\u00a0\u00bb][et_pb_column type=\u00a0\u00bb3_5&Prime; _builder_version=\u00a0\u00bb4.27.5&Prime; _module_preset=\u00a0\u00bbdefault\u00a0\u00bb global_colors_info=\u00a0\u00bb{}\u00a0\u00bb][et_pb_text _builder_version=\u00a0\u00bb4.27.8&Prime; _module_preset=\u00a0\u00bbdefault\u00a0\u00bb global_colors_info=\u00a0\u00bb{}\u00a0\u00bb]<\/p>\n<p class=\"western\"><span lang=\"fr-FR\">Enfin c\u2019est l\u2019installation du nichoir. L\u2019\u00e9chelle est en place, Ludovic a install\u00e9 la grue \u00e0 la bonne hauteur et le nichoir est hiss\u00e9 gr\u00e2ce \u00e0 une corde fix\u00e9e \u00e0 une poulie\u00a0! <br \/>Cela fait quelques ann\u00e9es que nous utilisons ce syst\u00e8me et quelle belle invention\u00a0! Tout est beaucoup plus l\u00e9ger et facile. <\/span><\/p>\n<p class=\"western\"><span lang=\"fr-FR\">Une fois le nichoir en place, il ne reste plus qu\u2019\u00e0 prendre les nouveaux points GPS et comme on sait que les Tengmalm appr\u00e9cient beaucoup les nouveaux emplacements, on croise les doigts pour que celui-ci soit vite occup\u00e9 cet hiver\u00a0! <\/span><\/p>\n<p>[\/et_pb_text][\/et_pb_column][et_pb_column type=\u00a0\u00bb2_5&Prime; _builder_version=\u00a0\u00bb4.27.5&Prime; _module_preset=\u00a0\u00bbdefault\u00a0\u00bb global_colors_info=\u00a0\u00bb{}\u00a0\u00bb][et_pb_image src=\u00a0\u00bbhttps:\/\/chouette-gobe.ch\/wp-content\/uploads\/2026\/09\/Tengmalm-Photo3.jpg\u00a0\u00bb title_text=\u00a0\u00bbTengmalm-Photo3&Prime; _builder_version=\u00a0\u00bb4.27.8&Prime; _module_preset=\u00a0\u00bbdefault\u00a0\u00bb global_colors_info=\u00a0\u00bb{}\u00a0\u00bb][\/et_pb_image][\/et_pb_column][\/et_pb_row][et_pb_row _builder_version=\u00a0\u00bb4.27.8&Prime; _module_preset=\u00a0\u00bbdefault\u00a0\u00bb global_colors_info=\u00a0\u00bb{}\u00a0\u00bb][et_pb_column type=\u00a0\u00bb4_4&Prime; _builder_version=\u00a0\u00bb4.27.8&Prime; _module_preset=\u00a0\u00bbdefault\u00a0\u00bb global_colors_info=\u00a0\u00bb{}\u00a0\u00bb][et_pb_text _builder_version=\u00a0\u00bb4.27.8&Prime; _module_preset=\u00a0\u00bbdefault\u00a0\u00bb global_colors_info=\u00a0\u00bb{}\u00a0\u00bb]<\/p>\n<p style=\"text-align: center;\"><span lang=\"fr-FR\">Que serait une sortie du GOBE sans un picnic dans la for\u00eat\u00a0! <\/span><\/p>\n<p>[\/et_pb_text][\/et_pb_column][\/et_pb_row][et_pb_row column_structure=\u00a0\u00bb1_2,1_2&Prime; _builder_version=\u00a0\u00bb4.27.5&Prime; _module_preset=\u00a0\u00bbdefault\u00a0\u00bb global_colors_info=\u00a0\u00bb{}\u00a0\u00bb][et_pb_column type=\u00a0\u00bb1_2&Prime; _builder_version=\u00a0\u00bb4.27.5&Prime; _module_preset=\u00a0\u00bbdefault\u00a0\u00bb global_colors_info=\u00a0\u00bb{}\u00a0\u00bb][et_pb_text _builder_version=\u00a0\u00bb4.27.8&Prime; _module_preset=\u00a0\u00bbdefault\u00a0\u00bb global_colors_info=\u00a0\u00bb{}\u00a0\u00bb]<\/p>\n<p class=\"western\"><span lang=\"fr-FR\">L\u2019\u00e9quipe du 31 juillet <\/span><\/p>\n<p>[\/et_pb_text][et_pb_image src=\u00a0\u00bbhttps:\/\/chouette-gobe.ch\/wp-content\/uploads\/2026\/09\/Tengmalm-Photo4.jpg\u00a0\u00bb title_text=\u00a0\u00bbTengmalm-Photo4&Prime; _builder_version=\u00a0\u00bb4.27.8&Prime; _module_preset=\u00a0\u00bbdefault\u00a0\u00bb global_colors_info=\u00a0\u00bb{}\u00a0\u00bb][\/et_pb_image][\/et_pb_column][et_pb_column type=\u00a0\u00bb1_2&Prime; _builder_version=\u00a0\u00bb4.27.5&Prime; _module_preset=\u00a0\u00bbdefault\u00a0\u00bb global_colors_info=\u00a0\u00bb{}\u00a0\u00bb][et_pb_text _builder_version=\u00a0\u00bb4.27.8&Prime; _module_preset=\u00a0\u00bbdefault\u00a0\u00bb global_colors_info=\u00a0\u00bb{}\u00a0\u00bb]<\/p>\n<p class=\"western\"><span lang=\"fr-FR\">L\u2019\u00e9quipe du 7 ao\u00fbt<\/span><\/p>\n<p class=\"western\"><span lang=\"fr-FR\">Une deuxi\u00e8me journ\u00e9e de travail a eu lieu le 7 ao\u00fbt. Elle a consist\u00e9 \u00e0 supprimer les 7 nichoirs install\u00e9s entre Vallorbe et le Suchet, sur le territoire des communes de Lignerolle et Ballaigues. <\/span><\/p>\n<p class=\"western\"><span lang=\"fr-FR\">Ce secteur avait \u00e9t\u00e9 \u00e9quip\u00e9 de 5 nichoirs d\u00e8s 1989. <\/span><\/p>\n<p class=\"western\"><span lang=\"fr-FR\">Trois d\u2019entre eux avaient d\u00e9j\u00e0 \u00e9t\u00e9 occup\u00e9s par la Chouette de Tengmalm en 1990. \u00c0 la suite de ce succ\u00e8s, nous avions install\u00e9 3 nichoirs suppl\u00e9mentaires en automne 1990 et maintenu ce r\u00e9seau de 8 nichoirs, isol\u00e9 des autres jusqu\u2019\u00e0 cette ann\u00e9e.<\/span><\/p>\n<p class=\"western\"><span lang=\"fr-FR\">En tout, durant ces 37 ann\u00e9es, il a h\u00e9berg\u00e9 43 nich\u00e9es. <\/span><\/p>\n<p>[\/et_pb_text][\/et_pb_column][\/et_pb_row][et_pb_row _builder_version=\u00a0\u00bb4.27.8&Prime; _module_preset=\u00a0\u00bbdefault\u00a0\u00bb global_colors_info=\u00a0\u00bb{}\u00a0\u00bb][et_pb_column type=\u00a0\u00bb4_4&Prime; _builder_version=\u00a0\u00bb4.27.8&Prime; _module_preset=\u00a0\u00bbdefault\u00a0\u00bb global_colors_info=\u00a0\u00bb{}\u00a0\u00bb][et_pb_text admin_label=\u00a0\u00bbTexte\u00a0\u00bb _builder_version=\u00a0\u00bb4.27.8&Prime; _module_preset=\u00a0\u00bbdefault\u00a0\u00bb global_colors_info=\u00a0\u00bb{}\u00a0\u00bb]<\/p>\n<p class=\"western\"><span lang=\"fr-FR\">En 1993, 7 des 8 nichoirs avaient \u00e9t\u00e9 occup\u00e9s ! Mais c\u2019\u00e9tait le bon vieux temps ! Plus aucun nid n\u2019y a \u00e9t\u00e9 \u00e9tabli depuis 2017 et nous avons donc d\u00e9cid\u00e9 de supprimer ces nichoirs avec peut-\u00eatre la possibilit\u00e9 de les r\u00e9installer ailleurs dans un ou des secteurs plus favorables. <\/span><\/p>\n<p class=\"western\"><span lang=\"fr-FR\">Le graphe ci-dessous montre comment a \u00e9volu\u00e9 la proportion de nichoirs occup\u00e9s par la Chouette de Tengmalm dans ce secteur entre 1990 et 2026.<\/span><\/p>\n<p>[\/et_pb_text][et_pb_image src=\u00a0\u00bbhttps:\/\/chouette-gobe.ch\/wp-content\/uploads\/2026\/09\/Tengmalm-Tableau.jpg\u00a0\u00bb title_text=\u00a0\u00bbTengmalm-Tableau\u00a0\u00bb align=\u00a0\u00bbcenter\u00a0\u00bb _builder_version=\u00a0\u00bb4.27.8&Prime; _module_preset=\u00a0\u00bbdefault\u00a0\u00bb global_colors_info=\u00a0\u00bb{}\u00a0\u00bb][\/et_pb_image][et_pb_image _builder_version=\u00a0\u00bb4.27.8&Prime; _module_preset=\u00a0\u00bbdefault\u00a0\u00bb global_colors_info=\u00a0\u00bb{}\u00a0\u00bb][\/et_pb_image][\/et_pb_column][\/et_pb_row][\/et_pb_section][et_pb_section fb_built=\u00a0\u00bb1&Prime; _builder_version=\u00a0\u00bb4.27.8&Prime; _module_preset=\u00a0\u00bbdefault\u00a0\u00bb global_colors_info=\u00a0\u00bb{}\u00a0\u00bb][et_pb_row _builder_version=\u00a0\u00bb4.27.8&Prime; _module_preset=\u00a0\u00bbdefault\u00a0\u00bb global_colors_info=\u00a0\u00bb{}\u00a0\u00bb][et_pb_column type=\u00a0\u00bb4_4&Prime; _builder_version=\u00a0\u00bb4.27.8&Prime; _module_preset=\u00a0\u00bbdefault\u00a0\u00bb global_colors_info=\u00a0\u00bb{}\u00a0\u00bb][et_pb_image src=\u00a0\u00bbhttps:\/\/chouette-gobe.ch\/wp-content\/uploads\/2026\/09\/Tengmalm-Photo5-1.jpg\u00a0\u00bb align=\u00a0\u00bbcenter\u00a0\u00bb _builder_version=\u00a0\u00bb4.27.8&Prime; _module_preset=\u00a0\u00bbdefault\u00a0\u00bb global_colors_info=\u00a0\u00bb{}\u00a0\u00bb][\/et_pb_image][et_pb_text _builder_version=\u00a0\u00bb4.27.8&Prime; _module_preset=\u00a0\u00bbdefault\u00a0\u00bb global_colors_info=\u00a0\u00bb{}\u00a0\u00bb]<\/p>\n<p>Merci beaucoup \u00e0 tous les participant(e)s des 2 journ\u00e9es, \u00e0 Pierre-Alain pour le r\u00e9sum\u00e9 de la sortie du 7 ao\u00fbt et \u00e0 Sandra pour ses photos. <br \/>A tout bient\u00f4t!<\/p>\n<p style=\"text-align: right;\">Maryjane<\/p>\n<p>[\/et_pb_text][\/et_pb_column][\/et_pb_row][\/et_pb_section]<\/p>\n","protected":false},"excerpt":{"rendered":"<p>Entretien du r\u00e9seau de nichoirs \u00e0 Tengmalm, 31 juillet 2026<\/p>\n","protected":false},"author":1,"featured_media":40836,"comment_status":"closed","ping_status":"closed","sticky":false,"template":"","format":"standard","meta":{"_et_pb_use_builder":"on","_et_pb_old_content":"","_et_gb_content_width":"","footnotes":""},"categories":[99],"tags":[],"class_list":["post-40830","post","type-post","status-publish","format-standard","has-post-thumbnail","hentry","category-activites-2026"],"_links":{"self":[{"href":"https:\/\/chouette-gobe.ch\/index.php?rest_route=\/wp\/v2\/posts\/40830","targetHints":{"allow":["GET"]}}],"collection":[{"href":"https:\/\/chouette-gobe.ch\/index.php?rest_route=\/wp\/v2\/posts"}],"about":[{"href":"https:\/\/chouette-gobe.ch\/index.php?rest_route=\/wp\/v2\/types\/post"}],"author":[{"embeddable":true,"href":"https:\/\/chouette-gobe.ch\/index.php?rest_route=\/wp\/v2\/users\/1"}],"replies":[{"embeddable":true,"href":"https:\/\/chouette-gobe.ch\/index.php?rest_route=%2Fwp%2Fv2%2Fcomments&post=40830"}],"version-history":[{"count":16,"href":"https:\/\/chouette-gobe.ch\/index.php?rest_route=\/wp\/v2\/posts\/40830\/revisions"}],"predecessor-version":[{"id":40872,"href":"https:\/\/chouette-gobe.ch\/index.php?rest_route=\/wp\/v2\/posts\/40830\/revisions\/40872"}],"wp:featuredmedia":[{"embeddable":true,"href":"https:\/\/chouette-gobe.ch\/index.php?rest_route=\/wp\/v2\/media\/40836"}],"wp:attachment":[{"href":"https:\/\/chouette-gobe.ch\/index.php?rest_route=%2Fwp%2Fv2%2Fmedia&parent=40830"}],"wp:term":[{"taxonomy":"category","embeddable":true,"href":"https:\/\/chouette-gobe.ch\/index.php?rest_route=%2Fwp%2Fv2%2Fcategories&post=40830"},{"taxonomy":"post_tag","embeddable":true,"href":"https:\/\/chouette-gobe.ch\/index.php?rest_route=%2Fwp%2Fv2%2Ftags&post=40830"}],"curies":[{"name":"wp","href":"https:\/\/api.w.org\/{rel}","templated":true}]}}